{"id":20148,"date":"2025-01-09T16:02:04","date_gmt":"2025-01-09T19:02:04","guid":{"rendered":"https:\/\/www.hrrio.cl\/web2\/?p=20148"},"modified":"2025-01-09T16:02:05","modified_gmt":"2025-01-09T19:02:05","slug":"asfixia-por-inmersion","status":"publish","type":"post","link":"https:\/\/www.hrrio.cl\/web2\/asfixia-por-inmersion\/","title":{"rendered":"Asfixia por inmersi\u00f3n"},"content":{"rendered":"\n<h1 class=\"_ap3a _aaco _aacu _aacx _aad7 _aade\" dir=\"auto\">\u00a1Cuidemos a nuestros ni\u00f1os y ni\u00f1as este verano! <br \/><br \/>Una de las causas de muerte recurrentes en menores de 1 a 4 a\u00f1os durante la temporada estival es la asfixia por inmersi\u00f3n. En nuestro Hospital Ni\u00f1os Dr. Roberto del R\u00edo hacemos un llamado urgente a padres y tutores a ser responsables y tomar las medidas necesarias para prevenir este tipo de accidentes.<br \/><br \/>Recomendaciones de seguridad:<br \/><br \/>Nunca dejar a los ni\u00f1os sin supervisi\u00f3n cerca del agua.<br \/>Utilizar barreras de seguridad alrededor de piscinas.<br \/>Aseg\u00farate de que los ni\u00f1os usen chalecos salvavidas adecuados.<br \/>Mant\u00e9n a los peque\u00f1os alejados de lugares donde puedan caerse al agua sin que te des cuenta.<br \/><br \/>Adem\u00e1s, es importante saber qu\u00e9 hacer en caso de una emergencia. Ante cualquier incidente, act\u00faa r\u00e1pidamente.<br \/><br \/>La prevenci\u00f3n est\u00e1 en nuestras manos.<\/h1>\n<h1 class=\"_ap3a _aaco _aacu _aacx _aad7 _aade\" dir=\"auto\">\u00a1Cuidemos a nuestros ni\u00f1os y ni\u00f1as!<\/h1>\n","protected":false},"excerpt":{"rendered":"<p>\u00a1Cuidemos a nuestros ni\u00f1os y ni\u00f1as este verano! Una de las causas de muerte recurrentes en menores de 1 a 4 a\u00f1os durante la temporada estival es la asfixia por inmersi\u00f3n. En nuestro Hospital Ni\u00f1os Dr. Roberto del R\u00edo hacemos un llamado urgente a padres y tutores a ser responsables y tomar las medidas necesarias [&hellip;]<\/p>\n","protected":false},"author":7,"featured_media":20145,"comment_status":"closed","ping_status":"open","sticky":false,"template":"","format":"standard","meta":{"_et_pb_use_builder":"off","_et_pb_old_content":"","_et_gb_content_width":""},"categories":[9],"tags":[],"_links":{"self":[{"href":"https:\/\/www.hrrio.cl\/web2\/wp-json\/wp\/v2\/posts\/20148"}],"collection":[{"href":"https:\/\/www.hrrio.cl\/web2\/wp-json\/wp\/v2\/posts"}],"about":[{"href":"https:\/\/www.hrrio.cl\/web2\/wp-json\/wp\/v2\/types\/post"}],"author":[{"embeddable":true,"href":"https:\/\/www.hrrio.cl\/web2\/wp-json\/wp\/v2\/users\/7"}],"replies":[{"embeddable":true,"href":"https:\/\/www.hrrio.cl\/web2\/wp-json\/wp\/v2\/comments?post=20148"}],"version-history":[{"count":1,"href":"https:\/\/www.hrrio.cl\/web2\/wp-json\/wp\/v2\/posts\/20148\/revisions"}],"predecessor-version":[{"id":20149,"href":"https:\/\/www.hrrio.cl\/web2\/wp-json\/wp\/v2\/posts\/20148\/revisions\/20149"}],"wp:featuredmedia":[{"embeddable":true,"href":"https:\/\/www.hrrio.cl\/web2\/wp-json\/wp\/v2\/media\/20145"}],"wp:attachment":[{"href":"https:\/\/www.hrrio.cl\/web2\/wp-json\/wp\/v2\/media?parent=20148"}],"wp:term":[{"taxonomy":"category","embeddable":true,"href":"https:\/\/www.hrrio.cl\/web2\/wp-json\/wp\/v2\/categories?post=20148"},{"taxonomy":"post_tag","embeddable":true,"href":"https:\/\/www.hrrio.cl\/web2\/wp-json\/wp\/v2\/tags?post=20148"}],"curies":[{"name":"wp","href":"https:\/\/api.w.org\/{rel}","templated":true}]}}