{"id":17729,"date":"2022-04-28T12:14:09","date_gmt":"2022-04-28T15:14:09","guid":{"rendered":"https:\/\/www.hrrio.cl\/web2\/?p=17729"},"modified":"2022-04-28T12:45:47","modified_gmt":"2022-04-28T15:45:47","slug":"coar-celebra-30-anos-de-compromiso-con-los-ninos-y-ninas-del-hospital-roberto-del-rio","status":"publish","type":"post","link":"https:\/\/www.hrrio.cl\/web2\/coar-celebra-30-anos-de-compromiso-con-los-ninos-y-ninas-del-hospital-roberto-del-rio\/","title":{"rendered":"COAR celebr\u00f3 30 a\u00f1os de compromiso con los ni\u00f1os y ni\u00f1as del Hospital Roberto del R\u00edo"},"content":{"rendered":"\n[et_pb_section fb_built=\u00bb1&#8243; _builder_version=\u00bb3.22&#8243;][et_pb_row _builder_version=\u00bb3.25&#8243; background_size=\u00bbinitial\u00bb background_position=\u00bbtop_left\u00bb background_repeat=\u00bbrepeat\u00bb][et_pb_column type=\u00bb4_4&#8243; _builder_version=\u00bb3.25&#8243; custom_padding=\u00bb|||\u00bb custom_padding__hover=\u00bb|||\u00bb][et_pb_text _builder_version=\u00bb3.27.4&#8243; background_size=\u00bbinitial\u00bb background_position=\u00bbtop_left\u00bb background_repeat=\u00bbrepeat\u00bb]<!-- divi:tadv\/classic-paragraph -->\n<p><em>La Corporaci\u00f3n de Amigos del Hospital Roberto del R\u00edo realiz\u00f3 Cuenta P\u00fablica del a\u00f1o 2021 y celebr\u00f3 3 d\u00e9cadas de compromiso y solidaridad.<\/em><\/p>\n<p>\u00a0<\/p>\n<p>Durante esta ma\u00f1ana, la Corporaci\u00f3n de Amigos del Hospital Roberto del R\u00edo- COAR inici\u00f3 la celebraci\u00f3n de su aniversario N\u00b0 30, en el marco de la Cuenta P\u00fablica 2021. El evento fue realizado en el Auditorio Julio Meneghello ubicado al interior del hospital pedi\u00e1trico y cont\u00f3 con la presencia de las principales autoridades de la instituci\u00f3n de salud y el director de la Fundaci\u00f3n de Orquestas Juveniles e Infantiles de Chile.<\/p>\n<p>\u00a0<\/p>\n<p>COAR es una instituci\u00f3n sin fines de lucro que desde 1992 ha colaborado y trabajado para generar recursos que van destinados a mejorar la calidad de vida hospitalaria de los ni\u00f1os y ni\u00f1as que son atendidos en el Hospital Roberto del R\u00edo. Este es uno de los establecimientos pedi\u00e1tricos m\u00e1s antiguos del pa\u00eds que efect\u00faa anualmente m\u00e1s de 200.000 atenciones hospitalarias, ambulatorias y de emergencia en ni\u00f1os \/as.<\/p>\n<p>\u00a0<\/p>\n<p>A lo largo de estos 30 a\u00f1os, la Corporaci\u00f3n ha concretado significativos proyectos destinados a mejorar las instalaciones y mobiliario del recinto de salud. Entre ellos, la Sala de Entretenci\u00f3n COAR, ubicada al interior del hospital, que ha recibido a m\u00e1s de 6700 pacientes infantiles, entregando un espacio de luz y diversi\u00f3n.\u00a0 Por su parte, la Casa de Acogida Dr. V\u00edctor Castro ha recibido a m\u00e1s de 18.200 personas, entregando hospedaje y alimentaci\u00f3n complemente gratuita a los ni\u00f1os\/as y sus familias que provienen de distintas partes del pa\u00eds y requieren tratamientos m\u00e9dicos en el Hospital Roberto del R\u00edo.<\/p>\n<p>\u00a0<\/p>\n<p>Andr\u00e9s Infante Tirado, quien preside COAR durante el periodo 2022-2023, manifest\u00f3 gratitud por el apoyo recibido a lo largo del tiempo \u201cEn esta oportunidad, quiero agradecer a todos los presentes y a todas las personas que nos colaboran con mucho entusiasmo en este proyecto maravilloso. Muchas gracias por darnos \u00e1nimo para seguir adelante\u201d, se\u00f1al\u00f3 el director.\u00a0<\/p>\n<p>\u00a0<\/p>\n<p>\u201cAgradecer de parte del hospital la gran obra que han hecho, todos los proyectos realizados y los que vienen. Yo s\u00e9 que eso implica mucho trabajo, mucho amor para los ni\u00f1os del hospital. Muchas gracias y seguiremos trabajando juntos\u201d, expres\u00f3 la Dra. Mar\u00eda Cecilia Villaseca, subdirectora de gesti\u00f3n asistencial, en representaci\u00f3n del director del Hospital Roberto del R\u00edo.\u00a0<\/p>\n<p>\u00a0<\/p>\n<p>Al cierre de la actividad se present\u00f3 una emotiva interpretaci\u00f3n musical realizada por integrantes del programa de m\u00fasicos solidarios de la Fundaci\u00f3n de Orquestas Juveniles e Infantiles de Chile, con quienes COAR ha forjado una alianza colaborativa desde el 2021\u00a0destinada a contribuir, a trav\u00e9s de la m\u00fasica, en la recuperaci\u00f3n de los ni\u00f1os y ni\u00f1as. \u00abAcercar la m\u00fasica a trav\u00e9s de nuestro programa de m\u00fasicos solidarios es el reflejo del compromiso social de FOJI. Estoy convencido que ambas instituciones estamos unidas por el mismo objetivo; apoyar a las ni\u00f1as, ni\u00f1os y j\u00f3venes de nuestro pa\u00eds\u201d, coment\u00f3 Miguel Far\u00edas, director ejecutivo de la FOJI.<\/p>\n<p>\u00a0<\/p>\n<p>Por su parte, Claudia Cornejo, directora ejecutiva de la Corporaci\u00f3n invit\u00f3 a seguir trabajando de manera colaborativa en beneficio de los pacientes infantiles, \u201ccontinuaremos invitando a nuestros amigos a ser parte de la familia COAR, para que trabajemos en conjunto por todos los ni\u00f1os que deben salir adelante y que atraviesan una situaci\u00f3n de enfermedad\u201d, expres\u00f3 Cornejo.<\/p>\n<p>\u00a0<\/p>\n<p>El aniversario ser\u00e1 celebrado por la Corporaci\u00f3n durante todo el a\u00f1o 2022 a trav\u00e9s de diversas actividades. Para m\u00e1s informaci\u00f3n pueden visitar el Instagram @coar.cl o ingresar a <a href=\"http:\/\/www.coar.cl\">www.coar.cl<\/a>\u00a0<\/p>\n<!-- \/divi:tadv\/classic-paragraph -->[\/et_pb_text][\/et_pb_column][\/et_pb_row][et_pb_row _builder_version=\u00bb4.9.7&#8243; _module_preset=\u00bbdefault\u00bb][et_pb_column _builder_version=\u00bb4.9.7&#8243; _module_preset=\u00bbdefault\u00bb type=\u00bb4_4&#8243;][et_pb_gallery _builder_version=\u00bb4.9.7&#8243; _module_preset=\u00bbdefault\u00bb gallery_ids=\u00bb17724,17720,17723&#8243; posts_number=\u00bb3&#8243; hover_enabled=\u00bb0&#8243; sticky_enabled=\u00bb0&#8243;][\/et_pb_gallery][\/et_pb_column][\/et_pb_row][\/et_pb_section]\n","protected":false},"excerpt":{"rendered":"","protected":false},"author":7,"featured_media":17725,"comment_status":"closed","ping_status":"open","sticky":false,"template":"","format":"standard","meta":{"_et_pb_use_builder":"on","_et_pb_old_content":"<!-- wp:tadv\/classic-paragraph -->\n<p><em>La Corporaci\u00f3n de Amigos del Hospital Roberto del R\u00edo realiz\u00f3 Cuenta P\u00fablica del a\u00f1o 2021 y celebr\u00f3 3 d\u00e9cadas de compromiso y solidaridad.<\/em><\/p>\n<p>\u00a0<\/p>\n<p>Durante esta ma\u00f1ana, la Corporaci\u00f3n de Amigos del Hospital Roberto del R\u00edo- COAR inici\u00f3 la celebraci\u00f3n de su aniversario N\u00b0 30, en el marco de la Cuenta P\u00fablica 2021. El evento fue realizado en el Auditorio Julio Meneghello ubicado al interior del hospital pedi\u00e1trico y cont\u00f3 con la presencia de las principales autoridades de la instituci\u00f3n de salud y el director de la Fundaci\u00f3n de Orquestas Juveniles e Infantiles de Chile.<\/p>\n<p>\u00a0<\/p>\n<p>COAR es una instituci\u00f3n sin fines de lucro que desde 1992 ha colaborado y trabajado para generar recursos que van destinados a mejorar la calidad de vida hospitalaria de los ni\u00f1os y ni\u00f1as que son atendidos en el Hospital Roberto del R\u00edo. Este es uno de los establecimientos pedi\u00e1tricos m\u00e1s antiguos del pa\u00eds que efect\u00faa anualmente m\u00e1s de 200.000 atenciones hospitalarias, ambulatorias y de emergencia en ni\u00f1os \/as.<\/p>\n<p>\u00a0<\/p>\n<p>A lo largo de estos 30 a\u00f1os, la Corporaci\u00f3n ha concretado significativos proyectos destinados a mejorar las instalaciones y mobiliario del recinto de salud. Entre ellos, la Sala de Entretenci\u00f3n COAR, ubicada al interior del hospital, que ha recibido a m\u00e1s de 6700 pacientes infantiles, entregando un espacio de luz y diversi\u00f3n.\u00a0 Por su parte, la Casa de Acogida Dr. V\u00edctor Castro ha recibido a m\u00e1s de 18.200 personas, entregando hospedaje y alimentaci\u00f3n complemente gratuita a los ni\u00f1os\/as y sus familias que provienen de distintas partes del pa\u00eds y requieren tratamientos m\u00e9dicos en el Hospital Roberto del R\u00edo.<\/p>\n<p>\u00a0<\/p>\n<p>Andr\u00e9s Infante Tirado, quien preside COAR durante el periodo 2022-2023, manifest\u00f3 gratitud por el apoyo recibido a lo largo del tiempo \u201cEn esta oportunidad, quiero agradecer a todos los presentes y a todas las personas que nos colaboran con mucho entusiasmo en este proyecto maravilloso. Muchas gracias por darnos \u00e1nimo para seguir adelante\u201d, se\u00f1al\u00f3 el director.\u00a0<\/p>\n<p>\u00a0<\/p>\n<p>\u201cAgradecer de parte del hospital la gran obra que han hecho, todos los proyectos realizados y los que vienen. Yo s\u00e9 que eso implica mucho trabajo, mucho amor para los ni\u00f1os del hospital. Muchas gracias y seguiremos trabajando juntos\u201d, expres\u00f3 la Dra. Mar\u00eda Cecilia Villaseca, subdirectora de gesti\u00f3n asistencial, en representaci\u00f3n del director del Hospital Roberto del R\u00edo.\u00a0<\/p>\n<p>\u00a0<\/p>\n<p>Al cierre de la actividad se present\u00f3 una emotiva interpretaci\u00f3n musical realizada por integrantes del programa de m\u00fasicos solidarios de la Fundaci\u00f3n de Orquestas Juveniles e Infantiles de Chile, con quienes COAR ha forjado una alianza colaborativa desde el 2021\u00a0destinada a contribuir, a trav\u00e9s de la m\u00fasica, en la recuperaci\u00f3n de los ni\u00f1os y ni\u00f1as. \"Acercar la m\u00fasica a trav\u00e9s de nuestro programa de m\u00fasicos solidarios es el reflejo del compromiso social de FOJI. Estoy convencido que ambas instituciones estamos unidas por el mismo objetivo; apoyar a las ni\u00f1as, ni\u00f1os y j\u00f3venes de nuestro pa\u00eds\u201d, coment\u00f3 Miguel Far\u00edas, director ejecutivo de la FOJI.<\/p>\n<p>\u00a0<\/p>\n<p>Por su parte, Claudia Cornejo, directora ejecutiva de la Corporaci\u00f3n invit\u00f3 a seguir trabajando de manera colaborativa en beneficio de los pacientes infantiles, \u201ccontinuaremos invitando a nuestros amigos a ser parte de la familia COAR, para que trabajemos en conjunto por todos los ni\u00f1os que deben salir adelante y que atraviesan una situaci\u00f3n de enfermedad\u201d, expres\u00f3 Cornejo.<\/p>\n<p>\u00a0<\/p>\n<p>El aniversario ser\u00e1 celebrado por la Corporaci\u00f3n durante todo el a\u00f1o 2022 a trav\u00e9s de diversas actividades. Para m\u00e1s informaci\u00f3n pueden visitar el Instagram @coar.cl o ingresar a <a href=\"http:\/\/www.coar.cl\">www.coar.cl<\/a>\u00a0<\/p>\n<!-- \/wp:tadv\/classic-paragraph -->","_et_gb_content_width":""},"categories":[9,95],"tags":[],"_links":{"self":[{"href":"https:\/\/www.hrrio.cl\/web2\/wp-json\/wp\/v2\/posts\/17729"}],"collection":[{"href":"https:\/\/www.hrrio.cl\/web2\/wp-json\/wp\/v2\/posts"}],"about":[{"href":"https:\/\/www.hrrio.cl\/web2\/wp-json\/wp\/v2\/types\/post"}],"author":[{"embeddable":true,"href":"https:\/\/www.hrrio.cl\/web2\/wp-json\/wp\/v2\/users\/7"}],"replies":[{"embeddable":true,"href":"https:\/\/www.hrrio.cl\/web2\/wp-json\/wp\/v2\/comments?post=17729"}],"version-history":[{"count":0,"href":"https:\/\/www.hrrio.cl\/web2\/wp-json\/wp\/v2\/posts\/17729\/revisions"}],"wp:featuredmedia":[{"embeddable":true,"href":"https:\/\/www.hrrio.cl\/web2\/wp-json\/wp\/v2\/media\/17725"}],"wp:attachment":[{"href":"https:\/\/www.hrrio.cl\/web2\/wp-json\/wp\/v2\/media?parent=17729"}],"wp:term":[{"taxonomy":"category","embeddable":true,"href":"https:\/\/www.hrrio.cl\/web2\/wp-json\/wp\/v2\/categories?post=17729"},{"taxonomy":"post_tag","embeddable":true,"href":"https:\/\/www.hrrio.cl\/web2\/wp-json\/wp\/v2\/tags?post=17729"}],"curies":[{"name":"wp","href":"https:\/\/api.w.org\/{rel}","templated":true}]}}