{"id":11273,"date":"2019-05-17T13:55:21","date_gmt":"2019-05-17T16:55:21","guid":{"rendered":"http:\/\/www.hrrio.cl\/web2\/?p=11273"},"modified":"2019-05-17T14:02:07","modified_gmt":"2019-05-17T17:02:07","slug":"jose-andres-murillo-expuso-sobre-maltrato-infantil-en-el-hospital-roberto-del-rio","status":"publish","type":"post","link":"https:\/\/www.hrrio.cl\/web2\/jose-andres-murillo-expuso-sobre-maltrato-infantil-en-el-hospital-roberto-del-rio\/","title":{"rendered":"Jos\u00e9 Andr\u00e9s Murillo expuso sobre Maltrato Infantil en el Hospital Roberto del R\u00edo"},"content":{"rendered":"\n<p>La tradicional Reuni\u00f3n Cl\u00ednica, que realizan la Universidad de Chile y el Hospital Roberto del R\u00edo, tuvo un invitado que consigui\u00f3 un alto inter\u00e9s, logrando llenar el auditorio. Se trata de Jos\u00e9 Andr\u00e9s Murillo, Fil\u00f3sofo, Magister en Sociolog\u00eda del Poder, Doctor en Filosof\u00eda&nbsp; y Ciencias Pol\u00edticas, quien adem\u00e1s es uno de los Fundadores de la Fundaci\u00f3n Para la Confianza.<\/p>\n<p><a href=\"http:\/\/www.hrrio.cl\/web2\/wp-content\/uploads\/2019\/05\/IMG_7392.jpg\"><img loading=\"lazy\" class=\"size-medium wp-image-11275 alignleft\" src=\"http:\/\/www.hrrio.cl\/web2\/wp-content\/uploads\/2019\/05\/IMG_7392-300x200.jpg\" alt=\"\" width=\"300\" height=\"200\" srcset=\"https:\/\/www.hrrio.cl\/web2\/wp-content\/uploads\/2019\/05\/IMG_7392-300x200.jpg 300w, https:\/\/www.hrrio.cl\/web2\/wp-content\/uploads\/2019\/05\/IMG_7392-768x512.jpg 768w, https:\/\/www.hrrio.cl\/web2\/wp-content\/uploads\/2019\/05\/IMG_7392-1024x683.jpg 1024w, https:\/\/www.hrrio.cl\/web2\/wp-content\/uploads\/2019\/05\/IMG_7392-1080x720.jpg 1080w, https:\/\/www.hrrio.cl\/web2\/wp-content\/uploads\/2019\/05\/IMG_7392.jpg 2048w\" sizes=\"(max-width: 300px) 100vw, 300px\" \/><\/a>Gracias a las gestiones del Comit\u00e9 de Intervenci\u00f3n en Maltrato Infantil de nuestro Hospital, el que tiene dos d\u00e9cadas de trabajo en el tema, Murillo expuso sobre el tema \u201cDenuncia y Develaci\u00f3n\u201d. \u201cAgradezco esta invitaci\u00f3n pues es necesario crear conciencia de red interdisciplinaria para poder enfrentar probablemente una de las epidemias m\u00e1s importantes a nivel mundial y que m\u00e1s destrucci\u00f3n tiene en la biograf\u00eda de las personas, que es el abuso infantil, especialmente el abuso en el \u00e1mbito de la sexualidad y todo lo que viene despu\u00e9s, porque yo me he dado cuenta de que las personas que han sido v\u00edctimas de abuso el momento m\u00e1s traum\u00e1tico ni siquiera es el abuso sino que la falta de reacci\u00f3n emp\u00e1tica del mundo organizacional, de la familia, de la justicia\u201d se\u00f1al\u00f3 el profesional.<\/p>\n<p><a href=\"http:\/\/www.hrrio.cl\/web2\/wp-content\/uploads\/2019\/05\/IMG_7398.jpg\"><img loading=\"lazy\" class=\"alignright wp-image-11278 size-medium\" src=\"http:\/\/www.hrrio.cl\/web2\/wp-content\/uploads\/2019\/05\/IMG_7398-e1558108986965-300x145.jpg\" alt=\"\" width=\"300\" height=\"145\" srcset=\"https:\/\/www.hrrio.cl\/web2\/wp-content\/uploads\/2019\/05\/IMG_7398-e1558108986965-300x145.jpg 300w, https:\/\/www.hrrio.cl\/web2\/wp-content\/uploads\/2019\/05\/IMG_7398-e1558108986965-768x371.jpg 768w, https:\/\/www.hrrio.cl\/web2\/wp-content\/uploads\/2019\/05\/IMG_7398-e1558108986965-1024x494.jpg 1024w, https:\/\/www.hrrio.cl\/web2\/wp-content\/uploads\/2019\/05\/IMG_7398-e1558108986965-1080x521.jpg 1080w, https:\/\/www.hrrio.cl\/web2\/wp-content\/uploads\/2019\/05\/IMG_7398-e1558108986965.jpg 2048w\" sizes=\"(max-width: 300px) 100vw, 300px\" \/><\/a>Uno de los cerca de 100 participantes de esta reuni\u00f3n fue Germ\u00e1n Reyes, psic\u00f3logo de la Unidad de Salud Mental del Roberto del R\u00edo, quien destac\u00f3 la relevante labor del Comit\u00e9 de Maltrato del Hospital e indic\u00f3 que \u201ccuando vi los avisos que ven\u00eda Jos\u00e9 Andr\u00e9s Murillo, que es una persona de trascendencia en la sociedad nacional, &nbsp;quise asistir porque es un tema de suma importancia, especialmente para nosotros que estamos en el \u00e1mbito de la salud y que nos vemos involucrados en la atenci\u00f3n de ni\u00f1os y que a veces no le damos la importancia que tienen estas situaciones\u201d.<\/p>\n<p><a href=\"http:\/\/www.hrrio.cl\/web2\/wp-content\/uploads\/2019\/05\/IMG_7394.jpg\"><img loading=\"lazy\" class=\"alignleft wp-image-11277 size-medium\" src=\"http:\/\/www.hrrio.cl\/web2\/wp-content\/uploads\/2019\/05\/IMG_7394-e1558109019306-300x143.jpg\" alt=\"\" width=\"300\" height=\"143\" srcset=\"https:\/\/www.hrrio.cl\/web2\/wp-content\/uploads\/2019\/05\/IMG_7394-e1558109019306-300x143.jpg 300w, https:\/\/www.hrrio.cl\/web2\/wp-content\/uploads\/2019\/05\/IMG_7394-e1558109019306-768x366.jpg 768w, https:\/\/www.hrrio.cl\/web2\/wp-content\/uploads\/2019\/05\/IMG_7394-e1558109019306-1024x489.jpg 1024w, https:\/\/www.hrrio.cl\/web2\/wp-content\/uploads\/2019\/05\/IMG_7394-e1558109019306-1080x515.jpg 1080w, https:\/\/www.hrrio.cl\/web2\/wp-content\/uploads\/2019\/05\/IMG_7394-e1558109019306.jpg 2048w\" sizes=\"(max-width: 300px) 100vw, 300px\" \/><\/a>Por su parte, la Dra. Mar\u00eda Isabel Galaz, Infect\u00f3loga del Hospital Roberto del R\u00edo y quien es parte del Comit\u00e9 de Maltrato dijo que \u201ccuando planteamos hacer una reuni\u00f3n este a\u00f1o la idea era volver a encender las alarmas, volver a motivar a la gente a preocuparse del tema. Queremos &nbsp;abrir la mente a la capacidad de comprender que \u00e9ste es un tema que nos toca a todos y que nos obliga a todos, que no es un tema de opci\u00f3n. Debemos hacernos cargo y en ese aspecto la reuni\u00f3n super\u00f3 todas mis expectativas, espero que esto sea el impulso para un a\u00f1o intenso en equipo y que nos permita seguir creciendo como Hospital y como individuos que atendemos ni\u00f1os\u201d.<\/p>\n<p><a href=\"http:\/\/www.hrrio.cl\/web2\/wp-content\/uploads\/2019\/05\/IMG_7417.jpg\"><img loading=\"lazy\" class=\"size-medium wp-image-11279 alignright\" src=\"http:\/\/www.hrrio.cl\/web2\/wp-content\/uploads\/2019\/05\/IMG_7417-300x200.jpg\" alt=\"\" width=\"300\" height=\"200\" srcset=\"https:\/\/www.hrrio.cl\/web2\/wp-content\/uploads\/2019\/05\/IMG_7417-300x200.jpg 300w, https:\/\/www.hrrio.cl\/web2\/wp-content\/uploads\/2019\/05\/IMG_7417-768x512.jpg 768w, https:\/\/www.hrrio.cl\/web2\/wp-content\/uploads\/2019\/05\/IMG_7417-1024x683.jpg 1024w, https:\/\/www.hrrio.cl\/web2\/wp-content\/uploads\/2019\/05\/IMG_7417-1080x720.jpg 1080w, https:\/\/www.hrrio.cl\/web2\/wp-content\/uploads\/2019\/05\/IMG_7417.jpg 2048w\" sizes=\"(max-width: 300px) 100vw, 300px\" \/><\/a>Al cierre de la jornada Jos\u00e9 Andr\u00e9s Murillo se refiri\u00f3 nuevamente a la empat\u00eda como una emoci\u00f3n fundamental para enfrentar este tipo de situaciones tan traum\u00e1ticas en la vida de cualquier persona, pues asegura que se trata de una actitud ante la vida que si bien no es una herramienta t\u00e9cnica s\u00ed se puede ir trabajando.&nbsp; \u201cNo es tanto el abuso, o el maltrato lo que va a generar la bifurcaci\u00f3n en la vida de una persona que ha sido abusada, sino la actitud de todos quienes supieron o debieron saber de ese trauma y cu\u00e1les fueron las acciones que ellos tomaron. Si es que fue una actitud de empat\u00eda se va por un lado; y si hay una actitud de indiferencia o incluso alg\u00fan tipo de complicidad pasiva o activa, muchas veces esa persona va a ver en su vida una carga mucho m\u00e1s traum\u00e1tica y dif\u00edcil de superar\u201d.<\/p>\n","protected":false},"excerpt":{"rendered":"<p>La tradicional Reuni\u00f3n Cl\u00ednica, que realizan la Universidad de Chile y el Hospital Roberto del R\u00edo, tuvo un invitado que consigui\u00f3 un alto inter\u00e9s, logrando llenar el auditorio. Se trata de Jos\u00e9 Andr\u00e9s Murillo, Fil\u00f3sofo, Magister en Sociolog\u00eda del Poder, Doctor en Filosof\u00eda&nbsp; y Ciencias Pol\u00edticas, quien adem\u00e1s es uno de los Fundadores de la [&hellip;]<\/p>\n","protected":false},"author":6,"featured_media":11279,"comment_status":"closed","ping_status":"closed","sticky":false,"template":"","format":"standard","meta":{"_et_pb_use_builder":"off","_et_pb_old_content":"<!-- wp:tadv\/classic-paragraph -->\n<p data-tadv-p=\"keep\">La tradicional Reuni\u00f3n Cl\u00ednica, que realizan la Universidad de Chile y el Hospital Roberto del R\u00edo, tuvo un invitado que consigui\u00f3 un alto inter\u00e9s, logrando llenar el auditorio. Se trata de Jos\u00e9 Andr\u00e9s Murillo, Fil\u00f3sofo, Magister en Sociolog\u00eda del Poder, Doctor en Filosof\u00eda\u00a0 y Ciencias Pol\u00edticas, quien adem\u00e1s es uno de los Fundadores de la Fundaci\u00f3n Para la Confianza.<\/p>\n<p data-tadv-p=\"keep\">Gracias a las gestiones del Comit\u00e9 de Intervenci\u00f3n en Maltrato Infantil de nuestro Hospital, el que tiene dos d\u00e9cadas de trabajo en el tema, Murillo pudo exponer sobre el tema \u201cDenuncia y Develaci\u00f3n\u201d. \u201cAgradezco esta invitaci\u00f3n pues es necesario crear conciencia de red interdisciplinaria para poder enfrentar probablemente una de las epidemias m\u00e1s importantes a nivel mundial y que m\u00e1s destrucci\u00f3n tiene en la biograf\u00eda de las personas, que es el abuso infantil, especialmente el abuso en el \u00e1mbito de la sexualidad y todo lo que viene despu\u00e9s, porque yo me he dado cuenta de que las personas que han sido v\u00edctimas de abuso el momento m\u00e1s traum\u00e1tico ni siquiera es el abuso sino que la falta de reacci\u00f3n emp\u00e1tica del mundo organizacional, de la familia, de la justicia\u201d se\u00f1alo el profesional.<\/p>\n<p data-tadv-p=\"keep\">Uno de los cerca de 100 participantes de esta reuni\u00f3n fue Germ\u00e1n Reyes, psic\u00f3logo de la Unidad de Salud Mental del Hospital Roberto del R\u00edo, quien destac\u00f3 la relevante labor del Comit\u00e9 de Maltrato del Hospital e indic\u00f3 que \u201ccuando vi los avisos que ven\u00eda Jos\u00e9 Andr\u00e9s Murillo, que es una persona de trascendencia en la sociedad nacional, \u00a0quise asistir porque es un tema de suma importancia, especialmente para nosotros que estamos en el \u00e1mbito de la salud y que nos vemos involucrados en la atenci\u00f3n de ni\u00f1os y que a veces no le damos la importancia que tienen estas situaciones\u201d.<\/p>\n<p data-tadv-p=\"keep\">Por su parte, la Dra. Mar\u00eda Isabel Galaz, Infect\u00f3loga del Hospital Roberto del R\u00edo y quien es parte del Comit\u00e9 de Maltrato dijo que \u201ccuando planteamos hacer una reuni\u00f3n este a\u00f1o la idea era volver a encender las alarmas, volver a motivar a la gente a preocuparse del tema. Queremos \u00a0abrir la mente a la capacidad de comprender que \u00e9ste es un tema que nos toca a todos y que nos obliga a todos, que no es un tema de opci\u00f3n, que debemos hacernos cargo y en ese aspecto la reuni\u00f3n super\u00f3 todas mis expectativas. Espero que esto sea el impulso para un a\u00f1o intenso en equipo y que nos permita seguir creciendo como Hospital y como individuos que atendemos ni\u00f1os\u201d.<\/p>\n<p data-tadv-p=\"keep\">Al cierre de la jornada Jos\u00e9 Andr\u00e9s Murillo se refiri\u00f3 nuevamente a la empat\u00eda como una emoci\u00f3n fundamental para enfrentar este tipo de situaciones tan traum\u00e1ticas en la vida de cualquier persona, pues asegura que se trata de una actitud ante la vida que si bien no es una herramienta t\u00e9cnica si se puede ir trabajando.\u00a0 \u201cNo es tanto el abuso, o el maltrato lo que va a generar la bifurcaci\u00f3n en la vida de una persona que ha sido abusada, sino la actitud de todos quienes supieron o debieron saber de ese trauma y cu\u00e1les fueron las acciones que ellos tomaron. Si es que fue una actitud de empat\u00eda se va por un lado; y si hay una actitud de indiferencia o incluso alg\u00fan tipo de complicidad pasiva o activa, muchas veces esa persona va a ver en su vida una carga mucho m\u00e1s traum\u00e1tica y dif\u00edcil de superar\u201d.<\/p>\n<!-- \/wp:tadv\/classic-paragraph -->","_et_gb_content_width":""},"categories":[9,95],"tags":[],"_links":{"self":[{"href":"https:\/\/www.hrrio.cl\/web2\/wp-json\/wp\/v2\/posts\/11273"}],"collection":[{"href":"https:\/\/www.hrrio.cl\/web2\/wp-json\/wp\/v2\/posts"}],"about":[{"href":"https:\/\/www.hrrio.cl\/web2\/wp-json\/wp\/v2\/types\/post"}],"author":[{"embeddable":true,"href":"https:\/\/www.hrrio.cl\/web2\/wp-json\/wp\/v2\/users\/6"}],"replies":[{"embeddable":true,"href":"https:\/\/www.hrrio.cl\/web2\/wp-json\/wp\/v2\/comments?post=11273"}],"version-history":[{"count":0,"href":"https:\/\/www.hrrio.cl\/web2\/wp-json\/wp\/v2\/posts\/11273\/revisions"}],"wp:featuredmedia":[{"embeddable":true,"href":"https:\/\/www.hrrio.cl\/web2\/wp-json\/wp\/v2\/media\/11279"}],"wp:attachment":[{"href":"https:\/\/www.hrrio.cl\/web2\/wp-json\/wp\/v2\/media?parent=11273"}],"wp:term":[{"taxonomy":"category","embeddable":true,"href":"https:\/\/www.hrrio.cl\/web2\/wp-json\/wp\/v2\/categories?post=11273"},{"taxonomy":"post_tag","embeddable":true,"href":"https:\/\/www.hrrio.cl\/web2\/wp-json\/wp\/v2\/tags?post=11273"}],"curies":[{"name":"wp","href":"https:\/\/api.w.org\/{rel}","templated":true}]}}