{"id":21567,"date":"2026-03-26T12:40:04","date_gmt":"2026-03-26T15:40:04","guid":{"rendered":"https:\/\/www.hrrio.cl\/web2\/?p=21567"},"modified":"2026-03-26T12:42:53","modified_gmt":"2026-03-26T15:42:53","slug":"emotiva-ceremonia-reconoce-la-trayectoria-de-funcionarios-y-funcionarias-en-el-marco-del-programa-de-incentivo-al-retiro","status":"publish","type":"post","link":"http:\/\/www.hrrio.cl\/web2\/emotiva-ceremonia-reconoce-la-trayectoria-de-funcionarios-y-funcionarias-en-el-marco-del-programa-de-incentivo-al-retiro\/","title":{"rendered":"Emotiva ceremonia reconoce la trayectoria de funcionarios y funcionarias en el marco del Programa de Incentivo al Retiro"},"content":{"rendered":"\n<p style=\"text-align: justify;\">En una significativa ceremonia realizada hoy, el Hospital de Ni\u00f1os Dr. Roberto del R\u00edo rindi\u00f3 un sentido <strong>homenaje a funcionarios y funcionarias<\/strong> que culminan su etapa laboral, en el contexto del <strong>Programa de Incentivo al Retiro.<\/strong><\/p>\n<p style=\"text-align: justify;\">La instancia tuvo como principal objetivo reconocer el <strong>compromiso, la vocaci\u00f3n de servicio y la valiosa contribuci\u00f3n<\/strong> que cada uno de ellos ha realizado a lo largo de los a\u00f1os, tanto en labores cl\u00ednicas como administrativas, siendo parte fundamental en el cuidado de la salud de ni\u00f1os, ni\u00f1as y adolescentes.<\/p>\n<p style=\"text-align: justify;\">La actividad cont\u00f3 con la participaci\u00f3n del director del establecimiento, Dr. Ricardo Pinto Mu\u00f1oz, junto a su equipo directivo, subdirectores, jefaturas, representantes del Servicio de Salud Metropolitano Norte y dirigentes de las distintas asociaciones gremiales.<\/p>\n<p style=\"text-align: justify;\">Durante la ceremonia, el director destac\u00f3 la dedicaci\u00f3n y entrega de los funcionarios homenajeados,<strong> relevando su rol en la construcci\u00f3n de una comunidad hospitalaria comprometida con la salud p\u00fablica pedi\u00e1trica<\/strong>. Asimismo, la subdirectora de Gesti\u00f3n de las Personas, Sra. Alejandra Far\u00edas, entreg\u00f3 palabras de reconocimiento, valorando las trayectorias laborales y humanas de quienes hoy inician una nueva etapa.<\/p>\n<p style=\"text-align: justify;\">Uno de los momentos m\u00e1s significativos fue la entrega de reconocimientos por parte del equipo directivo, instancia en la que se destac\u00f3 individualmente a cada funcionario y funcionaria que se acoge a retiro.<\/p>\n<p style=\"text-align: justify;\">La jornada tambi\u00e9n incluy\u00f3 una presentaci\u00f3n art\u00edstica de ni\u00f1os y ni\u00f1as del Jard\u00edn Infantil del hospital, que aport\u00f3 un emotivo y alegre momento a la ceremonia.<\/p>\n<p style=\"text-align: justify;\">Finalmente, las distintas asociaciones gremiales presentes realizaron homenajes a sus asociados, destacando su compromiso y legado dentro de la instituci\u00f3n.<\/p>\n<p style=\"text-align: justify;\">El Hospital de Ni\u00f1os Dr. Roberto del R\u00edo agradece profundamente a cada uno de los funcionarios y funcionarias reconocidos, por su <strong>invaluable aporte y dedicaci\u00f3n al servicio p\u00fablico de salud<\/strong>, dejando una huella significativa en la historia de nuestro establecimiento.<\/p>\n<p>\u00a0<\/p>\n\n\n\n<figure class=\"wp-block-gallery columns-1 is-cropped\"><ul class=\"blocks-gallery-grid\"><li class=\"blocks-gallery-item\"><figure><img loading=\"lazy\" width=\"1024\" height=\"575\" src=\"https:\/\/www.hrrio.cl\/web2\/wp-content\/uploads\/2026\/03\/WhatsApp-Image-2026-03-26-at-11.59.56-3-1024x575.jpeg\" alt=\"\" data-id=\"21568\" data-full-url=\"http:\/\/www.hrrio.cl\/web2\/wp-content\/uploads\/2026\/03\/WhatsApp-Image-2026-03-26-at-11.59.56-3.jpeg\" data-link=\"https:\/\/www.hrrio.cl\/web2\/emotiva-ceremonia-reconoce-la-trayectoria-de-funcionarios-y-funcionarias-en-el-marco-del-programa-de-incentivo-al-retiro\/whatsapp-image-2026-03-26-at-11-59-56-3\/\" class=\"wp-image-21568\" srcset=\"https:\/\/www.hrrio.cl\/web2\/wp-content\/uploads\/2026\/03\/WhatsApp-Image-2026-03-26-at-11.59.56-3-980x550.jpeg 980w, https:\/\/www.hrrio.cl\/web2\/wp-content\/uploads\/2026\/03\/WhatsApp-Image-2026-03-26-at-11.59.56-3-480x269.jpeg 480w\" sizes=\"(min-width: 0px) and (max-width: 480px) 480px, (min-width: 481px) and (max-width: 980px) 980px, (min-width: 981px) 1024px, 100vw\" \/><\/figure><\/li><li class=\"blocks-gallery-item\"><figure><img loading=\"lazy\" width=\"1024\" height=\"682\" src=\"https:\/\/www.hrrio.cl\/web2\/wp-content\/uploads\/2026\/03\/WhatsApp-Image-2026-03-26-at-11.58.22-1024x682.jpeg\" alt=\"\" data-id=\"21583\" data-full-url=\"http:\/\/www.hrrio.cl\/web2\/wp-content\/uploads\/2026\/03\/WhatsApp-Image-2026-03-26-at-11.58.22.jpeg\" data-link=\"https:\/\/www.hrrio.cl\/web2\/emotiva-ceremonia-reconoce-la-trayectoria-de-funcionarios-y-funcionarias-en-el-marco-del-programa-de-incentivo-al-retiro\/whatsapp-image-2026-03-26-at-11-58-22\/\" class=\"wp-image-21583\" srcset=\"https:\/\/www.hrrio.cl\/web2\/wp-content\/uploads\/2026\/03\/WhatsApp-Image-2026-03-26-at-11.58.22-980x653.jpeg 980w, https:\/\/www.hrrio.cl\/web2\/wp-content\/uploads\/2026\/03\/WhatsApp-Image-2026-03-26-at-11.58.22-480x320.jpeg 480w\" sizes=\"(min-width: 0px) and (max-width: 480px) 480px, (min-width: 481px) and (max-width: 980px) 980px, (min-width: 981px) 1024px, 100vw\" \/><\/figure><\/li><li class=\"blocks-gallery-item\"><figure><img loading=\"lazy\" width=\"1024\" height=\"682\" src=\"https:\/\/www.hrrio.cl\/web2\/wp-content\/uploads\/2026\/03\/WhatsApp-Image-2026-03-26-at-11.58.23-1024x682.jpeg\" alt=\"\" data-id=\"21582\" data-full-url=\"http:\/\/www.hrrio.cl\/web2\/wp-content\/uploads\/2026\/03\/WhatsApp-Image-2026-03-26-at-11.58.23.jpeg\" data-link=\"https:\/\/www.hrrio.cl\/web2\/emotiva-ceremonia-reconoce-la-trayectoria-de-funcionarios-y-funcionarias-en-el-marco-del-programa-de-incentivo-al-retiro\/whatsapp-image-2026-03-26-at-11-58-23\/\" class=\"wp-image-21582\" srcset=\"https:\/\/www.hrrio.cl\/web2\/wp-content\/uploads\/2026\/03\/WhatsApp-Image-2026-03-26-at-11.58.23-980x653.jpeg 980w, https:\/\/www.hrrio.cl\/web2\/wp-content\/uploads\/2026\/03\/WhatsApp-Image-2026-03-26-at-11.58.23-480x320.jpeg 480w\" sizes=\"(min-width: 0px) and (max-width: 480px) 480px, (min-width: 481px) and (max-width: 980px) 980px, (min-width: 981px) 1024px, 100vw\" \/><\/figure><\/li><li class=\"blocks-gallery-item\"><figure><img loading=\"lazy\" width=\"1024\" height=\"682\" src=\"https:\/\/www.hrrio.cl\/web2\/wp-content\/uploads\/2026\/03\/WhatsApp-Image-2026-03-26-at-11.59.53-1024x682.jpeg\" alt=\"\" data-id=\"21581\" data-full-url=\"http:\/\/www.hrrio.cl\/web2\/wp-content\/uploads\/2026\/03\/WhatsApp-Image-2026-03-26-at-11.59.53.jpeg\" data-link=\"https:\/\/www.hrrio.cl\/web2\/emotiva-ceremonia-reconoce-la-trayectoria-de-funcionarios-y-funcionarias-en-el-marco-del-programa-de-incentivo-al-retiro\/whatsapp-image-2026-03-26-at-11-59-53\/\" class=\"wp-image-21581\" srcset=\"https:\/\/www.hrrio.cl\/web2\/wp-content\/uploads\/2026\/03\/WhatsApp-Image-2026-03-26-at-11.59.53-980x653.jpeg 980w, https:\/\/www.hrrio.cl\/web2\/wp-content\/uploads\/2026\/03\/WhatsApp-Image-2026-03-26-at-11.59.53-480x320.jpeg 480w\" sizes=\"(min-width: 0px) and (max-width: 480px) 480px, (min-width: 481px) and (max-width: 980px) 980px, (min-width: 981px) 1024px, 100vw\" \/><\/figure><\/li><li class=\"blocks-gallery-item\"><figure><img loading=\"lazy\" width=\"1024\" height=\"682\" src=\"https:\/\/www.hrrio.cl\/web2\/wp-content\/uploads\/2026\/03\/WhatsApp-Image-2026-03-26-at-11.58.23-2-1024x682.jpeg\" alt=\"\" data-id=\"21580\" data-full-url=\"http:\/\/www.hrrio.cl\/web2\/wp-content\/uploads\/2026\/03\/WhatsApp-Image-2026-03-26-at-11.58.23-2.jpeg\" data-link=\"https:\/\/www.hrrio.cl\/web2\/emotiva-ceremonia-reconoce-la-trayectoria-de-funcionarios-y-funcionarias-en-el-marco-del-programa-de-incentivo-al-retiro\/whatsapp-image-2026-03-26-at-11-58-23-2\/\" class=\"wp-image-21580\" srcset=\"https:\/\/www.hrrio.cl\/web2\/wp-content\/uploads\/2026\/03\/WhatsApp-Image-2026-03-26-at-11.58.23-2-980x653.jpeg 980w, https:\/\/www.hrrio.cl\/web2\/wp-content\/uploads\/2026\/03\/WhatsApp-Image-2026-03-26-at-11.58.23-2-480x320.jpeg 480w\" sizes=\"(min-width: 0px) and (max-width: 480px) 480px, (min-width: 481px) and (max-width: 980px) 980px, (min-width: 981px) 1024px, 100vw\" \/><\/figure><\/li><li class=\"blocks-gallery-item\"><figure><img loading=\"lazy\" width=\"1024\" height=\"683\" src=\"https:\/\/www.hrrio.cl\/web2\/wp-content\/uploads\/2026\/03\/WhatsApp-Image-2026-03-26-at-11.58.23-1-1024x683.jpeg\" alt=\"\" data-id=\"21579\" data-full-url=\"http:\/\/www.hrrio.cl\/web2\/wp-content\/uploads\/2026\/03\/WhatsApp-Image-2026-03-26-at-11.58.23-1.jpeg\" data-link=\"https:\/\/www.hrrio.cl\/web2\/emotiva-ceremonia-reconoce-la-trayectoria-de-funcionarios-y-funcionarias-en-el-marco-del-programa-de-incentivo-al-retiro\/whatsapp-image-2026-03-26-at-11-58-23-1\/\" class=\"wp-image-21579\" srcset=\"https:\/\/www.hrrio.cl\/web2\/wp-content\/uploads\/2026\/03\/WhatsApp-Image-2026-03-26-at-11.58.23-1-1024x683.jpeg 1024w, https:\/\/www.hrrio.cl\/web2\/wp-content\/uploads\/2026\/03\/WhatsApp-Image-2026-03-26-at-11.58.23-1-980x653.jpeg 980w, https:\/\/www.hrrio.cl\/web2\/wp-content\/uploads\/2026\/03\/WhatsApp-Image-2026-03-26-at-11.58.23-1-480x320.jpeg 480w\" sizes=\"(min-width: 0px) and (max-width: 480px) 480px, (min-width: 481px) and (max-width: 980px) 980px, (min-width: 981px) 1024px, 100vw\" \/><\/figure><\/li><li class=\"blocks-gallery-item\"><figure><img loading=\"lazy\" width=\"1024\" height=\"575\" src=\"https:\/\/www.hrrio.cl\/web2\/wp-content\/uploads\/2026\/03\/WhatsApp-Image-2026-03-26-at-11.59.54-1024x575.jpeg\" alt=\"\" data-id=\"21578\" data-full-url=\"http:\/\/www.hrrio.cl\/web2\/wp-content\/uploads\/2026\/03\/WhatsApp-Image-2026-03-26-at-11.59.54.jpeg\" data-link=\"https:\/\/www.hrrio.cl\/web2\/emotiva-ceremonia-reconoce-la-trayectoria-de-funcionarios-y-funcionarias-en-el-marco-del-programa-de-incentivo-al-retiro\/whatsapp-image-2026-03-26-at-11-59-54\/\" class=\"wp-image-21578\" srcset=\"https:\/\/www.hrrio.cl\/web2\/wp-content\/uploads\/2026\/03\/WhatsApp-Image-2026-03-26-at-11.59.54-980x550.jpeg 980w, https:\/\/www.hrrio.cl\/web2\/wp-content\/uploads\/2026\/03\/WhatsApp-Image-2026-03-26-at-11.59.54-480x269.jpeg 480w\" sizes=\"(min-width: 0px) and (max-width: 480px) 480px, (min-width: 481px) and (max-width: 980px) 980px, (min-width: 981px) 1024px, 100vw\" \/><\/figure><\/li><li class=\"blocks-gallery-item\"><figure><img loading=\"lazy\" width=\"1024\" height=\"575\" src=\"https:\/\/www.hrrio.cl\/web2\/wp-content\/uploads\/2026\/03\/WhatsApp-Image-2026-03-26-at-11.59.54-1-1024x575.jpeg\" alt=\"\" data-id=\"21577\" data-full-url=\"http:\/\/www.hrrio.cl\/web2\/wp-content\/uploads\/2026\/03\/WhatsApp-Image-2026-03-26-at-11.59.54-1.jpeg\" data-link=\"https:\/\/www.hrrio.cl\/web2\/emotiva-ceremonia-reconoce-la-trayectoria-de-funcionarios-y-funcionarias-en-el-marco-del-programa-de-incentivo-al-retiro\/whatsapp-image-2026-03-26-at-11-59-54-1\/\" class=\"wp-image-21577\" srcset=\"https:\/\/www.hrrio.cl\/web2\/wp-content\/uploads\/2026\/03\/WhatsApp-Image-2026-03-26-at-11.59.54-1-980x550.jpeg 980w, https:\/\/www.hrrio.cl\/web2\/wp-content\/uploads\/2026\/03\/WhatsApp-Image-2026-03-26-at-11.59.54-1-480x269.jpeg 480w\" sizes=\"(min-width: 0px) and (max-width: 480px) 480px, (min-width: 481px) and (max-width: 980px) 980px, (min-width: 981px) 1024px, 100vw\" \/><\/figure><\/li><li class=\"blocks-gallery-item\"><figure><img loading=\"lazy\" width=\"1024\" height=\"575\" src=\"https:\/\/www.hrrio.cl\/web2\/wp-content\/uploads\/2026\/03\/WhatsApp-Image-2026-03-26-at-11.59.54-3-1024x575.jpeg\" alt=\"\" data-id=\"21575\" data-full-url=\"http:\/\/www.hrrio.cl\/web2\/wp-content\/uploads\/2026\/03\/WhatsApp-Image-2026-03-26-at-11.59.54-3.jpeg\" data-link=\"https:\/\/www.hrrio.cl\/web2\/emotiva-ceremonia-reconoce-la-trayectoria-de-funcionarios-y-funcionarias-en-el-marco-del-programa-de-incentivo-al-retiro\/whatsapp-image-2026-03-26-at-11-59-54-3\/\" class=\"wp-image-21575\" srcset=\"https:\/\/www.hrrio.cl\/web2\/wp-content\/uploads\/2026\/03\/WhatsApp-Image-2026-03-26-at-11.59.54-3-980x550.jpeg 980w, https:\/\/www.hrrio.cl\/web2\/wp-content\/uploads\/2026\/03\/WhatsApp-Image-2026-03-26-at-11.59.54-3-480x269.jpeg 480w\" sizes=\"(min-width: 0px) and (max-width: 480px) 480px, (min-width: 481px) and (max-width: 980px) 980px, (min-width: 981px) 1024px, 100vw\" \/><\/figure><\/li><li class=\"blocks-gallery-item\"><figure><img loading=\"lazy\" width=\"1024\" height=\"575\" src=\"https:\/\/www.hrrio.cl\/web2\/wp-content\/uploads\/2026\/03\/WhatsApp-Image-2026-03-26-at-11.59.55-1024x575.jpeg\" alt=\"\" data-id=\"21574\" data-full-url=\"http:\/\/www.hrrio.cl\/web2\/wp-content\/uploads\/2026\/03\/WhatsApp-Image-2026-03-26-at-11.59.55.jpeg\" data-link=\"https:\/\/www.hrrio.cl\/web2\/emotiva-ceremonia-reconoce-la-trayectoria-de-funcionarios-y-funcionarias-en-el-marco-del-programa-de-incentivo-al-retiro\/whatsapp-image-2026-03-26-at-11-59-55\/\" class=\"wp-image-21574\" srcset=\"https:\/\/www.hrrio.cl\/web2\/wp-content\/uploads\/2026\/03\/WhatsApp-Image-2026-03-26-at-11.59.55-980x550.jpeg 980w, https:\/\/www.hrrio.cl\/web2\/wp-content\/uploads\/2026\/03\/WhatsApp-Image-2026-03-26-at-11.59.55-480x269.jpeg 480w\" sizes=\"(min-width: 0px) and (max-width: 480px) 480px, (min-width: 481px) and (max-width: 980px) 980px, (min-width: 981px) 1024px, 100vw\" \/><\/figure><\/li><li class=\"blocks-gallery-item\"><figure><img loading=\"lazy\" width=\"1024\" height=\"575\" src=\"https:\/\/www.hrrio.cl\/web2\/wp-content\/uploads\/2026\/03\/WhatsApp-Image-2026-03-26-at-11.59.55-1-1024x575.jpeg\" alt=\"\" data-id=\"21573\" data-full-url=\"http:\/\/www.hrrio.cl\/web2\/wp-content\/uploads\/2026\/03\/WhatsApp-Image-2026-03-26-at-11.59.55-1.jpeg\" data-link=\"https:\/\/www.hrrio.cl\/web2\/emotiva-ceremonia-reconoce-la-trayectoria-de-funcionarios-y-funcionarias-en-el-marco-del-programa-de-incentivo-al-retiro\/whatsapp-image-2026-03-26-at-11-59-55-1\/\" class=\"wp-image-21573\" srcset=\"https:\/\/www.hrrio.cl\/web2\/wp-content\/uploads\/2026\/03\/WhatsApp-Image-2026-03-26-at-11.59.55-1-980x550.jpeg 980w, https:\/\/www.hrrio.cl\/web2\/wp-content\/uploads\/2026\/03\/WhatsApp-Image-2026-03-26-at-11.59.55-1-480x269.jpeg 480w\" sizes=\"(min-width: 0px) and (max-width: 480px) 480px, (min-width: 481px) and (max-width: 980px) 980px, (min-width: 981px) 1024px, 100vw\" \/><\/figure><\/li><li class=\"blocks-gallery-item\"><figure><img loading=\"lazy\" width=\"1024\" height=\"575\" src=\"https:\/\/www.hrrio.cl\/web2\/wp-content\/uploads\/2026\/03\/WhatsApp-Image-2026-03-26-at-11.59.55-2-1024x575.jpeg\" alt=\"\" data-id=\"21572\" data-full-url=\"http:\/\/www.hrrio.cl\/web2\/wp-content\/uploads\/2026\/03\/WhatsApp-Image-2026-03-26-at-11.59.55-2.jpeg\" data-link=\"https:\/\/www.hrrio.cl\/web2\/emotiva-ceremonia-reconoce-la-trayectoria-de-funcionarios-y-funcionarias-en-el-marco-del-programa-de-incentivo-al-retiro\/whatsapp-image-2026-03-26-at-11-59-55-2\/\" class=\"wp-image-21572\" srcset=\"https:\/\/www.hrrio.cl\/web2\/wp-content\/uploads\/2026\/03\/WhatsApp-Image-2026-03-26-at-11.59.55-2-980x550.jpeg 980w, https:\/\/www.hrrio.cl\/web2\/wp-content\/uploads\/2026\/03\/WhatsApp-Image-2026-03-26-at-11.59.55-2-480x269.jpeg 480w\" sizes=\"(min-width: 0px) and (max-width: 480px) 480px, (min-width: 481px) and (max-width: 980px) 980px, (min-width: 981px) 1024px, 100vw\" \/><\/figure><\/li><li class=\"blocks-gallery-item\"><figure><img loading=\"lazy\" width=\"1024\" height=\"575\" src=\"https:\/\/www.hrrio.cl\/web2\/wp-content\/uploads\/2026\/03\/WhatsApp-Image-2026-03-26-at-11.59.56-1-1024x575.jpeg\" alt=\"\" data-id=\"21570\" data-full-url=\"http:\/\/www.hrrio.cl\/web2\/wp-content\/uploads\/2026\/03\/WhatsApp-Image-2026-03-26-at-11.59.56-1.jpeg\" data-link=\"https:\/\/www.hrrio.cl\/web2\/emotiva-ceremonia-reconoce-la-trayectoria-de-funcionarios-y-funcionarias-en-el-marco-del-programa-de-incentivo-al-retiro\/whatsapp-image-2026-03-26-at-11-59-56-1\/\" class=\"wp-image-21570\" srcset=\"https:\/\/www.hrrio.cl\/web2\/wp-content\/uploads\/2026\/03\/WhatsApp-Image-2026-03-26-at-11.59.56-1-980x550.jpeg 980w, https:\/\/www.hrrio.cl\/web2\/wp-content\/uploads\/2026\/03\/WhatsApp-Image-2026-03-26-at-11.59.56-1-480x269.jpeg 480w\" sizes=\"(min-width: 0px) and (max-width: 480px) 480px, (min-width: 481px) and (max-width: 980px) 980px, (min-width: 981px) 1024px, 100vw\" \/><\/figure><\/li><li class=\"blocks-gallery-item\"><figure><img loading=\"lazy\" width=\"1024\" height=\"575\" src=\"https:\/\/www.hrrio.cl\/web2\/wp-content\/uploads\/2026\/03\/WhatsApp-Image-2026-03-26-at-11.59.56-2-1024x575.jpeg\" alt=\"\" data-id=\"21569\" data-full-url=\"http:\/\/www.hrrio.cl\/web2\/wp-content\/uploads\/2026\/03\/WhatsApp-Image-2026-03-26-at-11.59.56-2.jpeg\" data-link=\"https:\/\/www.hrrio.cl\/web2\/emotiva-ceremonia-reconoce-la-trayectoria-de-funcionarios-y-funcionarias-en-el-marco-del-programa-de-incentivo-al-retiro\/whatsapp-image-2026-03-26-at-11-59-56-2\/\" class=\"wp-image-21569\" srcset=\"https:\/\/www.hrrio.cl\/web2\/wp-content\/uploads\/2026\/03\/WhatsApp-Image-2026-03-26-at-11.59.56-2-980x550.jpeg 980w, https:\/\/www.hrrio.cl\/web2\/wp-content\/uploads\/2026\/03\/WhatsApp-Image-2026-03-26-at-11.59.56-2-480x269.jpeg 480w\" sizes=\"(min-width: 0px) and (max-width: 480px) 480px, (min-width: 481px) and (max-width: 980px) 980px, (min-width: 981px) 1024px, 100vw\" \/><\/figure><\/li><\/ul><\/figure>\n","protected":false},"excerpt":{"rendered":"<p>En una significativa ceremonia realizada hoy, el Hospital de Ni\u00f1os Dr. Roberto del R\u00edo rindi\u00f3 un sentido homenaje a funcionarios y funcionarias que culminan su etapa laboral, en el contexto del Programa de Incentivo al Retiro. La instancia tuvo como principal objetivo reconocer el compromiso, la vocaci\u00f3n de servicio y la valiosa contribuci\u00f3n que cada [&hellip;]<\/p>\n","protected":false},"author":7,"featured_media":21580,"comment_status":"closed","ping_status":"open","sticky":false,"template":"","format":"standard","meta":{"_et_pb_use_builder":"off","_et_pb_old_content":"","_et_gb_content_width":""},"categories":[9],"tags":[],"_links":{"self":[{"href":"http:\/\/www.hrrio.cl\/web2\/wp-json\/wp\/v2\/posts\/21567"}],"collection":[{"href":"http:\/\/www.hrrio.cl\/web2\/wp-json\/wp\/v2\/posts"}],"about":[{"href":"http:\/\/www.hrrio.cl\/web2\/wp-json\/wp\/v2\/types\/post"}],"author":[{"embeddable":true,"href":"http:\/\/www.hrrio.cl\/web2\/wp-json\/wp\/v2\/users\/7"}],"replies":[{"embeddable":true,"href":"http:\/\/www.hrrio.cl\/web2\/wp-json\/wp\/v2\/comments?post=21567"}],"version-history":[{"count":5,"href":"http:\/\/www.hrrio.cl\/web2\/wp-json\/wp\/v2\/posts\/21567\/revisions"}],"predecessor-version":[{"id":21590,"href":"http:\/\/www.hrrio.cl\/web2\/wp-json\/wp\/v2\/posts\/21567\/revisions\/21590"}],"wp:featuredmedia":[{"embeddable":true,"href":"http:\/\/www.hrrio.cl\/web2\/wp-json\/wp\/v2\/media\/21580"}],"wp:attachment":[{"href":"http:\/\/www.hrrio.cl\/web2\/wp-json\/wp\/v2\/media?parent=21567"}],"wp:term":[{"taxonomy":"category","embeddable":true,"href":"http:\/\/www.hrrio.cl\/web2\/wp-json\/wp\/v2\/categories?post=21567"},{"taxonomy":"post_tag","embeddable":true,"href":"http:\/\/www.hrrio.cl\/web2\/wp-json\/wp\/v2\/tags?post=21567"}],"curies":[{"name":"wp","href":"https:\/\/api.w.org\/{rel}","templated":true}]}}