{"id":21534,"date":"2026-03-16T15:30:29","date_gmt":"2026-03-16T18:30:29","guid":{"rendered":"https:\/\/www.hrrio.cl\/web2\/?p=21534"},"modified":"2026-03-25T14:25:23","modified_gmt":"2026-03-25T17:25:23","slug":"hospital-de-ninos-dr-roberto-del-rio-inicia-planificacion-anticipada-para-enfrentar-la-campana-de-invierno-2026-y-refuerza-llamado-a-la-vacunacion","status":"publish","type":"post","link":"http:\/\/www.hrrio.cl\/web2\/hospital-de-ninos-dr-roberto-del-rio-inicia-planificacion-anticipada-para-enfrentar-la-campana-de-invierno-2026-y-refuerza-llamado-a-la-vacunacion\/","title":{"rendered":"Hospital de Ni\u00f1os Dr. Roberto del R\u00edo inicia planificaci\u00f3n anticipada para enfrentar la Campa\u00f1a de Invierno 2026 y refuerza llamado a la vacunaci\u00f3n"},"content":{"rendered":"\n<p style=\"text-align: justify;\">En el marco de la preparaci\u00f3n para la Campa\u00f1a de Invierno 2026, nuestro hospital ha comenzado el proceso de planificaci\u00f3n y coordinaci\u00f3n anticipada para enfrentar de la mejor manera el aumento de la demanda asistencial propio de esta \u00e9poca del a\u00f1o.<br \/>Durante esta semana, equipos administrativos y cl\u00ednicos iniciaron reuniones de trabajo destinadas a evaluar la situaci\u00f3n actual del hospital y proyectar las necesidades para los pr\u00f3ximos meses.<\/p>\n<p style=\"text-align: justify;\">En este contexto, el jefe Depto Gesti\u00f3n Cl\u00ednica Pedi\u00e1trica, Dr. Fernando Mart\u00ednez, sostuvo un encuentro con distintas jefaturas con el objetivo de analizar los requerimientos de personal y de equipamiento m\u00e9dico que ser\u00e1n necesarios para enfrentar el pr\u00f3ximo invierno y asegurar la continuidad y calidad de la atenci\u00f3n de nuestros pacientes.<\/p>\n<p style=\"text-align: justify;\">Asimismo, en la \u00faltima Reuni\u00f3n Cl\u00ednica, la pediatra infect\u00f3loga Dra. Fernanda Cofr\u00e9 realiz\u00f3 la presentaci\u00f3n \u201cCampa\u00f1a de Vacunaci\u00f3n e Inmunizaci\u00f3n 2026: Solo sirve la vacuna si est\u00e1 puesta\u201d. Durante su exposici\u00f3n abord\u00f3 el estado epidemiol\u00f3gico actual, las proyecciones para los pr\u00f3ximos meses y reforz\u00f3 la importancia de la inmunizaci\u00f3n como una de las principales herramientas para prevenir enfermedades.<\/p>\n<p style=\"text-align: justify;\">En la instancia se destac\u00f3 que el objetivo principal de la vacunaci\u00f3n es prevenir la enfermedad, no necesariamente la infecci\u00f3n, por lo que resulta fundamental mantener los esquemas de vacunaci\u00f3n al d\u00eda.<\/p>\n<p style=\"text-align: justify;\">Finalmente, la especialista invit\u00f3 a todos los funcionarios a revisar y mantener actualizadas sus vacunas, as\u00ed como tambi\u00e9n a promover activamente la vacunaci\u00f3n en ni\u00f1os y ni\u00f1as, especialmente frente a virus respiratorios como VRS, COVID-19 e Influenza, que circulan con mayor fuerza durante la temporada invernal.<\/p>\n<p style=\"text-align: justify;\">Seguiremos informando oportunamente sobre las distintas acciones y medidas que se implementar\u00e1n en el marco de la Campa\u00f1a de Invierno 2026.<\/p>\n","protected":false},"excerpt":{"rendered":"<p>En el marco de la preparaci\u00f3n para la Campa\u00f1a de Invierno 2026, nuestro hospital ha comenzado el proceso de planificaci\u00f3n y coordinaci\u00f3n anticipada para enfrentar de la mejor manera el aumento de la demanda asistencial propio de esta \u00e9poca del a\u00f1o.Durante esta semana, equipos administrativos y cl\u00ednicos iniciaron reuniones de trabajo destinadas a evaluar la [&hellip;]<\/p>\n","protected":false},"author":7,"featured_media":21565,"comment_status":"closed","ping_status":"open","sticky":false,"template":"","format":"standard","meta":{"_et_pb_use_builder":"off","_et_pb_old_content":"","_et_gb_content_width":""},"categories":[9],"tags":[],"_links":{"self":[{"href":"http:\/\/www.hrrio.cl\/web2\/wp-json\/wp\/v2\/posts\/21534"}],"collection":[{"href":"http:\/\/www.hrrio.cl\/web2\/wp-json\/wp\/v2\/posts"}],"about":[{"href":"http:\/\/www.hrrio.cl\/web2\/wp-json\/wp\/v2\/types\/post"}],"author":[{"embeddable":true,"href":"http:\/\/www.hrrio.cl\/web2\/wp-json\/wp\/v2\/users\/7"}],"replies":[{"embeddable":true,"href":"http:\/\/www.hrrio.cl\/web2\/wp-json\/wp\/v2\/comments?post=21534"}],"version-history":[{"count":2,"href":"http:\/\/www.hrrio.cl\/web2\/wp-json\/wp\/v2\/posts\/21534\/revisions"}],"predecessor-version":[{"id":21566,"href":"http:\/\/www.hrrio.cl\/web2\/wp-json\/wp\/v2\/posts\/21534\/revisions\/21566"}],"wp:featuredmedia":[{"embeddable":true,"href":"http:\/\/www.hrrio.cl\/web2\/wp-json\/wp\/v2\/media\/21565"}],"wp:attachment":[{"href":"http:\/\/www.hrrio.cl\/web2\/wp-json\/wp\/v2\/media?parent=21534"}],"wp:term":[{"taxonomy":"category","embeddable":true,"href":"http:\/\/www.hrrio.cl\/web2\/wp-json\/wp\/v2\/categories?post=21534"},{"taxonomy":"post_tag","embeddable":true,"href":"http:\/\/www.hrrio.cl\/web2\/wp-json\/wp\/v2\/tags?post=21534"}],"curies":[{"name":"wp","href":"https:\/\/api.w.org\/{rel}","templated":true}]}}